{"id":5520,"date":"2026-01-30T03:22:42","date_gmt":"2026-01-30T03:22:42","guid":{"rendered":"https:\/\/renacerboliviano.org\/?p=5520"},"modified":"2026-04-12T00:01:36","modified_gmt":"2026-04-12T00:01:36","slug":"donation-to-the-casa-de-los-ninos-association","status":"publish","type":"post","link":"https:\/\/renacerboliviano.org\/es\/blog\/2026\/01\/30\/donation-to-the-casa-de-los-ninos-association\/","title":{"rendered":"Donaci\u00f3n a la Asociaci\u00f3n Casa de los Ni\u00f1os."},"content":{"rendered":"<div data-elementor-type=\"wp-post\" data-elementor-id=\"5520\" class=\"elementor elementor-5520\">\n\t\t\t\t<div class=\"elementor-element elementor-element-8ca0d89 e-flex e-con-boxed e-con e-parent\" data-id=\"8ca0d89\" data-element_type=\"container\">\n\t\t\t\t\t<div class=\"e-con-inner\">\n\t\t\t\t<div class=\"elementor-element elementor-element-abdee4d elementor-widget elementor-widget-ova_heading\" data-id=\"abdee4d\" data-element_type=\"widget\" data-widget_type=\"ova_heading.default\">\n\t\t\t\t<div class=\"elementor-widget-container\">\n\t\t\t\t\t<div class=\"ova-heading version_1\">\n\t\t\t\t\t\t\t\t\t\t<h3 class=\"heading-title second_font\">Donaci\u00f3n a la Asociaci\u00f3n Casa de los Ni\u00f1os.\n<\/h3>\n\t\t\t\t\t\t\t\t\t\t<div class=\"content\">\n\t\t\t\t\t<p class=\"p1\">En abril de 2025, Renacer Boliviano realiz\u00f3 una significativa donaci\u00f3n de v\u00edveres a la Asociaci\u00f3n Casa de los Ni\u00f1os, ubicada en Chiquicollo \u2013 Cochabamba. Este Centro brinda acogida gratuita a m\u00e1s de 500 ni\u00f1os y familias en situaci\u00f3n de vulnerabilidad, especialmente aquellas afectadas por enfermedades graves. Rodeada de un entorno natural privilegiado, la Casa de los Ni\u00f1os ofrece una escuela con todos los cursos, comedor, panader\u00eda, consultorio m\u00e9dico, capilla y amplios espacios verdes, convirti\u00e9ndose en un verdadero hogar y un espacio de esperanza para quienes m\u00e1s lo necesitan.<\/p><p class=\"p1\">A lo largo de sus 17 a\u00f1os de labor social y sanitaria, la Casa de los Ni\u00f1os ha sostenido su misi\u00f3n gracias al apoyo de personas e instituciones solidarias, ya que no recibe ayuda gubernamental ni de entidades p\u00fablicas. Renacer Boliviano se enorgullece de haber acompa\u00f1ado este esfuerzo, aportando al funcionamiento del comedor y a otras actividades esenciales. La Asociaci\u00f3n expresa su profundo agradecimiento por esta donaci\u00f3n y por el compromiso continuo que permite seguir brindando bienestar y dignidad a cientos de familias.<\/p>\t\t\t\t<\/div>\n\t\t\t\t\t<\/div>\n\t\t\t\t<\/div>\n\t\t\t\t<\/div>\n\t\t\t\t<div class=\"elementor-element elementor-element-ae81eb4 elementor-arrows-position-inside elementor-pagination-position-outside elementor-widget elementor-widget-image-carousel\" data-id=\"ae81eb4\" data-element_type=\"widget\" data-settings=\"{&quot;slides_to_show&quot;:&quot;2&quot;,&quot;navigation&quot;:&quot;both&quot;,&quot;autoplay&quot;:&quot;yes&quot;,&quot;pause_on_hover&quot;:&quot;yes&quot;,&quot;pause_on_interaction&quot;:&quot;yes&quot;,&quot;autoplay_speed&quot;:5000,&quot;infinite&quot;:&quot;yes&quot;,&quot;speed&quot;:500}\" data-widget_type=\"image-carousel.default\">\n\t\t\t\t<div class=\"elementor-widget-container\">\n\t\t\t\t\t<div class=\"elementor-image-carousel-wrapper swiper\" dir=\"ltr\">\n\t\t\t<div class=\"elementor-image-carousel swiper-wrapper\" aria-live=\"off\">\n\t\t\t\t\t\t\t\t<div class=\"swiper-slide\" role=\"group\" aria-roledescription=\"slide\" aria-label=\"1 of 2\"><figure class=\"swiper-slide-inner\"><img decoding=\"async\" class=\"swiper-slide-image\" src=\"https:\/\/renacerboliviano.org\/wp-content\/uploads\/2019\/05\/Casa-de-los-Ninos1-768x576.jpg\" alt=\"Casa de los Nin\u0303os1\" \/><\/figure><\/div><div class=\"swiper-slide\" role=\"group\" aria-roledescription=\"slide\" aria-label=\"2 of 2\"><figure class=\"swiper-slide-inner\"><img decoding=\"async\" class=\"swiper-slide-image\" src=\"https:\/\/renacerboliviano.org\/wp-content\/uploads\/2019\/05\/Casa-de-los-Ninos2-768x576.jpg\" alt=\"Casa de los Nin\u0303os2\" \/><\/figure><\/div>\t\t\t<\/div>\n\t\t\t\t\t\t\t\t\t\t\t\t<div class=\"elementor-swiper-button elementor-swiper-button-prev\" role=\"button\" tabindex=\"0\">\n\t\t\t\t\t\t<svg aria-hidden=\"true\" class=\"e-font-icon-svg e-eicon-chevron-left\" viewbox=\"0 0 1000 1000\" xmlns=\"http:\/\/www.w3.org\/2000\/svg\"><path d=\"M646 125C629 125 613 133 604 142L308 442C296 454 292 471 292 487 292 504 296 521 308 533L604 854C617 867 629 875 646 875 663 875 679 871 692 858 704 846 713 829 713 812 713 796 708 779 692 767L438 487 692 225C700 217 708 204 708 187 708 171 704 154 692 142 675 129 663 125 646 125Z\"><\/path><\/svg>\t\t\t\t\t<\/div>\n\t\t\t\t\t<div class=\"elementor-swiper-button elementor-swiper-button-next\" role=\"button\" tabindex=\"0\">\n\t\t\t\t\t\t<svg aria-hidden=\"true\" class=\"e-font-icon-svg e-eicon-chevron-right\" viewbox=\"0 0 1000 1000\" xmlns=\"http:\/\/www.w3.org\/2000\/svg\"><path d=\"M696 533C708 521 713 504 713 487 713 471 708 454 696 446L400 146C388 133 375 125 354 125 338 125 325 129 313 142 300 154 292 171 292 187 292 204 296 221 308 233L563 492 304 771C292 783 288 800 288 817 288 833 296 850 308 863 321 871 338 875 354 875 371 875 388 867 400 854L696 533Z\"><\/path><\/svg>\t\t\t\t\t<\/div>\n\t\t\t\t\n\t\t\t\t\t\t\t\t\t<div class=\"swiper-pagination\"><\/div>\n\t\t\t\t\t\t\t\t\t<\/div>\n\t\t\t\t<\/div>\n\t\t\t\t<\/div>\n\t\t\t\t\t<\/div>\n\t\t\t\t<\/div>\n\t\t\t\t<\/div>","protected":false},"excerpt":{"rendered":"<p>Donation to the Casa de los Ni\u00f1os Association In April 2025, Renacer Boliviano made a significant donation of food supplies to the Casa de los Ni\u00f1os Association, located in Chiquicollo \u2013 Cochabamba. This Center provides free shelter to more than 500 children and families in vulnerable situations, especially those affected by serious illnesses. Surrounded by [&hellip;]<\/p>","protected":false},"author":1,"featured_media":0,"comment_status":"open","ping_status":"open","sticky":false,"template":"elementor_header_footer","format":"standard","meta":{"footnotes":""},"categories":[38],"tags":[],"class_list":["post-5520","post","type-post","status-publish","format-standard","hentry","category-donation"],"_links":{"self":[{"href":"https:\/\/renacerboliviano.org\/es\/wp-json\/wp\/v2\/posts\/5520","targetHints":{"allow":["GET"]}}],"collection":[{"href":"https:\/\/renacerboliviano.org\/es\/wp-json\/wp\/v2\/posts"}],"about":[{"href":"https:\/\/renacerboliviano.org\/es\/wp-json\/wp\/v2\/types\/post"}],"author":[{"embeddable":true,"href":"https:\/\/renacerboliviano.org\/es\/wp-json\/wp\/v2\/users\/1"}],"replies":[{"embeddable":true,"href":"https:\/\/renacerboliviano.org\/es\/wp-json\/wp\/v2\/comments?post=5520"}],"version-history":[{"count":0,"href":"https:\/\/renacerboliviano.org\/es\/wp-json\/wp\/v2\/posts\/5520\/revisions"}],"wp:attachment":[{"href":"https:\/\/renacerboliviano.org\/es\/wp-json\/wp\/v2\/media?parent=5520"}],"wp:term":[{"taxonomy":"category","embeddable":true,"href":"https:\/\/renacerboliviano.org\/es\/wp-json\/wp\/v2\/categories?post=5520"},{"taxonomy":"post_tag","embeddable":true,"href":"https:\/\/renacerboliviano.org\/es\/wp-json\/wp\/v2\/tags?post=5520"}],"curies":[{"name":"wp","href":"https:\/\/api.w.org\/{rel}","templated":true}]}}